{"id":34136,"date":"2023-02-22T09:23:49","date_gmt":"2023-02-22T09:23:49","guid":{"rendered":"https:\/\/www.fallriverdiocese.org\/sem-categoria\/mensagem-de-quaresma-de-2023-do-bispo-d-joao-da-cunha\/"},"modified":"2024-02-20T19:06:24","modified_gmt":"2024-02-20T19:06:24","slug":"mensagem-de-quaresma-de-2023-do-bispo-d-joao-da-cunha","status":"publish","type":"post","link":"https:\/\/www.fallriverdiocese.org\/pt-pt\/sem-categoria\/mensagem-de-quaresma-de-2023-do-bispo-d-joao-da-cunha\/","title":{"rendered":"Mensagem de Quaresma de 2023 do Bispo D. Jo\u00e3o da Cunha"},"content":{"rendered":"\n<figure class=\"wp-block-image aligncenter\"><img decoding=\"async\" src=\"https:\/\/www.fallriverdiocese.org\/app\/uploads\/2023\/02\/Coat_of_arms_of_Edgar_Moreira_da_Cunha.svg_-281x300-1.png\" alt=\"\" class=\"wp-image-18572\"\/><\/figure>\n\n<p>Caros irm\u00e3os e irm\u00e3s em Cristo,<\/p>\n\n<p>Passou um ano desde o in\u00edcio da guerra na Ucr\u00e2nia. Assistimos \u00e0 tremenda perda de vidas e de bens e ao sofrimento inimagin\u00e1vel infligido a tantas pessoas inocentes naquele pa\u00eds. Mais recentemente, assistimos tamb\u00e9m \u00e0 trag\u00e9dia do terramoto na Turquia e na S\u00edria. Tamb\u00e9m a\u00ed assistimos a uma perda incr\u00edvel de vidas e ao sofrimento impens\u00e1vel de milh\u00f5es de pessoas que foram feridas, que perderam entes queridos, bens e um modo de vida que nunca mais ser\u00e1 o mesmo.<\/p>\n\n<p>Por vezes, damos por garantidos a paz e a prosperidade de que desfrutamos e as b\u00ean\u00e7\u00e3os de sermos saud\u00e1veis e vivermos em liberdade. A Quaresma recorda-nos que todas as coisas, como dizia Santa Teresa de \u00c1vila, &#8220;tudo passa&#8221;:[but gratefully]  Deus nunca muda&#8221;. \u00c9 uma \u00e9poca para recordar que estamos sujeitos \u00e0 dor e ao sofrimento, \u00e0 perda e a uma cruz em qualquer altura. A Quaresma \u00e9 um tempo para reflectirmos e reconhecermos a import\u00e2ncia da nossa f\u00e9 nas nossas vidas e a import\u00e2ncia da fam\u00edlia para cada um de n\u00f3s; \u00e9 um tempo para abra\u00e7armos a nossa f\u00e9 e a nossa fam\u00edlia com generosidade, fidelidade e gratid\u00e3o.<\/p>\n\n<figure class=\"wp-block-image alignright\"><img decoding=\"async\" src=\"https:\/\/www.fallriverdiocese.org\/app\/uploads\/2017\/02\/Lentencross2.jpg\" alt=\"\" class=\"wp-image-5572\"\/><\/figure>\n\n<p>A Quaresma \u00e9 tamb\u00e9m um tempo para refletir e reconhecer tudo o que Jesus fez por n\u00f3s ao morrer na cruz e derramar o Seu sangue pela nossa salva\u00e7\u00e3o. Somos chamados a uma reflex\u00e3o mais profunda sobre o Mist\u00e9rio Pascal &#8211; o sofrimento, a morte e a ressurrei\u00e7\u00e3o de Jesus.<\/p>\n\n<p>Na sua mensagem para a Quaresma deste ano, o Papa Francisco escreve: &#8220;A Quaresma conduz \u00e0 P\u00e1scoa: o &#8216;retiro&#8217; n\u00e3o \u00e9 um fim em si mesmo, mas um meio de nos preparar para viver a paix\u00e3o e a cruz do Senhor com f\u00e9, esperan\u00e7a e amor, e assim chegar \u00e0 ressurrei\u00e7\u00e3o&#8221;.<\/p>\n\n<p>Qual a melhor forma de se preparar para a gloriosa festa da P\u00e1scoa? Examinando as nossas ac\u00e7\u00f5es, as nossas atitudes e a nossa rela\u00e7\u00e3o com Deus com um escrut\u00ednio renovado e comprometendo-nos com o arrependimento e a convers\u00e3o do cora\u00e7\u00e3o. Este \u00e9 o momento; esta \u00e9 a oportunidade da Quaresma. Para come\u00e7ar, podemos p\u00f4r em pr\u00e1tica as disciplinas quaresmais da ora\u00e7\u00e3o, do jejum e da esmola. Estas oferecem meios maravilhosos para apoiar a nossa determina\u00e7\u00e3o de aprofundar a nossa f\u00e9 e de ajudar os necessitados \u00e0 nossa volta.<\/p>\n\n<p>A minha ora\u00e7\u00e3o \u00e9 que todos n\u00f3s abramos os nossos cora\u00e7\u00f5es para a viagem quaresmal que temos pela frente; que ela seja aben\u00e7oada e transformadora. Que possamos sempre acarinhar a nossa f\u00e9 e ser sustentados por ela, e que nunca esque\u00e7amos o sofrimento e as cruzes carregadas pelas nossas irm\u00e3s e irm\u00e3os de toda a fam\u00edlia humana.<\/p>\n\n<p>Sinceramente vosso em Cristo,<\/p>\n\n<figure class=\"wp-block-image alignleft\"><img decoding=\"async\" src=\"https:\/\/www.fallriverdiocese.org\/app\/uploads\/2016\/02\/signature-transparent-300x44.png\" alt=\"\" class=\"wp-image-3613\"\/><\/figure>\n\n<p>Reverend\u00edssimo Edgar M. da Cunha, S.D.V.<br\/>\nBispo de Fall River<\/p>\n\n<p><em>Ler a Mensagem do Bispo em <a href=\"https:\/\/www.fallriverdiocese.org\/app\/uploads\/2023\/02\/Lenten-Message-2023.pdf\" target=\"_blank\" rel=\"noopener\">formato pdf<\/a><\/em><\/p>\n","protected":false},"excerpt":{"rendered":"<p>Caros irm\u00e3os e irm\u00e3s em Cristo, Passou um ano desde o in\u00edcio da guerra na Ucr\u00e2nia. Assistimos \u00e0 tremenda perda de vidas e de bens e ao sofrimento inimagin\u00e1vel infligido &hellip;<\/p>\n","protected":false},"author":1,"featured_media":31070,"comment_status":"closed","ping_status":"closed","sticky":false,"template":"","format":"standard","meta":{"_acf_changed":false,"_crosspost_to_16":false,"_crosspost_to_17":false,"_crosspost_to_18":false,"_crosspost_to_19":false,"_crosspost_to_20":false,"_price":"","_stock":"","_tribe_ticket_header":"","_tribe_default_ticket_provider":"","_tribe_ticket_capacity":"","_ticket_start_date":"","_ticket_end_date":"","_tribe_ticket_show_description":"","_tribe_ticket_show_not_going":false,"_tribe_ticket_use_global_stock":"","_tribe_ticket_global_stock_level":"","_global_stock_mode":"","_global_stock_cap":"","_tribe_rsvp_for_event":"","_tribe_ticket_going_count":"","_tribe_ticket_not_going_count":"","_tribe_tickets_list":"[]","_tribe_ticket_has_attendee_info_fields":false,"footnotes":""},"categories":[162],"tags":[],"ppma_author":[202],"class_list":["post-34136","post","type-post","status-publish","format-standard","has-post-thumbnail","hentry","category-sem-categoria"],"pp_force_visibility":null,"pp_subpost_visibility":null,"pp_inherited_force_visibility":null,"pp_inherited_subpost_visibility":null,"acf":[],"yoast_head":"<!-- This site is optimized with the Yoast SEO plugin v26.5 - https:\/\/yoast.com\/wordpress\/plugins\/seo\/ -->\n<title>Mensagem de Quaresma de 2023 do Bispo D. Jo\u00e3o da Cunha - Roman Catholic Diocese of Fall River<\/title>\n<meta name=\"robots\" content=\"index, follow, max-snippet:-1, max-image-preview:large, max-video-preview:-1\" \/>\n<link rel=\"canonical\" href=\"https:\/\/www.fallriverdiocese.org\/pt-pt\/sem-categoria\/mensagem-de-quaresma-de-2023-do-bispo-d-joao-da-cunha\/\" \/>\n<meta property=\"og:locale\" content=\"pt_PT\" \/>\n<meta property=\"og:type\" content=\"article\" \/>\n<meta property=\"og:title\" content=\"Mensagem de Quaresma de 2023 do Bispo D. Jo\u00e3o da Cunha - Roman Catholic Diocese of Fall River\" \/>\n<meta property=\"og:description\" content=\"Caros irm\u00e3os e irm\u00e3s em Cristo, Passou um ano desde o in\u00edcio da guerra na Ucr\u00e2nia. Assistimos \u00e0 tremenda perda de vidas e de bens e ao sofrimento inimagin\u00e1vel infligido &hellip;\" \/>\n<meta property=\"og:url\" content=\"https:\/\/www.fallriverdiocese.org\/pt-pt\/sem-categoria\/mensagem-de-quaresma-de-2023-do-bispo-d-joao-da-cunha\/\" \/>\n<meta property=\"og:site_name\" content=\"Roman Catholic Diocese of Fall River\" \/>\n<meta property=\"article:published_time\" content=\"2023-02-22T09:23:49+00:00\" \/>\n<meta property=\"article:modified_time\" content=\"2024-02-20T19:06:24+00:00\" \/>\n<meta property=\"og:image\" content=\"https:\/\/www.fallriverdiocese.org\/app\/uploads\/2023\/02\/Coat_of_arms_of_Edgar_Moreira_da_Cunha.svg_-281x300-1.png\" \/>\n\t<meta property=\"og:image:width\" content=\"281\" \/>\n\t<meta property=\"og:image:height\" content=\"300\" \/>\n\t<meta property=\"og:image:type\" content=\"image\/png\" \/>\n<meta name=\"author\" content=\"O Reverend\u00edssimo Edgar M. da Cunha, S.D.V., D.D.\" \/>\n<meta name=\"twitter:card\" content=\"summary_large_image\" \/>\n<meta name=\"twitter:label1\" content=\"Escrito por\" \/>\n\t<meta name=\"twitter:data1\" content=\"icon\" \/>\n\t<meta name=\"twitter:label2\" content=\"Tempo estimado de leitura\" \/>\n\t<meta name=\"twitter:data2\" content=\"3 minutos\" \/>\n<script type=\"application\/ld+json\" class=\"yoast-schema-graph\">{\"@context\":\"https:\/\/schema.org\",\"@graph\":[{\"@type\":\"Article\",\"@id\":\"https:\/\/www.fallriverdiocese.org\/pt-pt\/sem-categoria\/mensagem-de-quaresma-de-2023-do-bispo-d-joao-da-cunha\/#article\",\"isPartOf\":{\"@id\":\"https:\/\/www.fallriverdiocese.org\/pt-pt\/sem-categoria\/mensagem-de-quaresma-de-2023-do-bispo-d-joao-da-cunha\/\"},\"author\":{\"name\":\"Diocese of Fall River\",\"@id\":\"https:\/\/www.fallriverdiocese.org\/#\/schema\/person\/f57da45fdd9aa3face6cd14073e4af9f\"},\"headline\":\"Mensagem de Quaresma de 2023 do Bispo D. Jo\u00e3o da Cunha\",\"datePublished\":\"2023-02-22T09:23:49+00:00\",\"dateModified\":\"2024-02-20T19:06:24+00:00\",\"mainEntityOfPage\":{\"@id\":\"https:\/\/www.fallriverdiocese.org\/pt-pt\/sem-categoria\/mensagem-de-quaresma-de-2023-do-bispo-d-joao-da-cunha\/\"},\"wordCount\":514,\"publisher\":{\"@id\":\"https:\/\/www.fallriverdiocese.org\/#organization\"},\"image\":{\"@id\":\"https:\/\/www.fallriverdiocese.org\/pt-pt\/sem-categoria\/mensagem-de-quaresma-de-2023-do-bispo-d-joao-da-cunha\/#primaryimage\"},\"thumbnailUrl\":\"https:\/\/www.fallriverdiocese.org\/app\/uploads\/2023\/02\/Coat_of_arms_of_Edgar_Moreira_da_Cunha.svg_-281x300-1.png\",\"inLanguage\":\"pt-PT\"},{\"@type\":\"WebPage\",\"@id\":\"https:\/\/www.fallriverdiocese.org\/pt-pt\/sem-categoria\/mensagem-de-quaresma-de-2023-do-bispo-d-joao-da-cunha\/\",\"url\":\"https:\/\/www.fallriverdiocese.org\/pt-pt\/sem-categoria\/mensagem-de-quaresma-de-2023-do-bispo-d-joao-da-cunha\/\",\"name\":\"Mensagem de Quaresma de 2023 do Bispo D. Jo\u00e3o da Cunha - Roman Catholic Diocese of Fall River\",\"isPartOf\":{\"@id\":\"https:\/\/www.fallriverdiocese.org\/#website\"},\"primaryImageOfPage\":{\"@id\":\"https:\/\/www.fallriverdiocese.org\/pt-pt\/sem-categoria\/mensagem-de-quaresma-de-2023-do-bispo-d-joao-da-cunha\/#primaryimage\"},\"image\":{\"@id\":\"https:\/\/www.fallriverdiocese.org\/pt-pt\/sem-categoria\/mensagem-de-quaresma-de-2023-do-bispo-d-joao-da-cunha\/#primaryimage\"},\"thumbnailUrl\":\"https:\/\/www.fallriverdiocese.org\/app\/uploads\/2023\/02\/Coat_of_arms_of_Edgar_Moreira_da_Cunha.svg_-281x300-1.png\",\"datePublished\":\"2023-02-22T09:23:49+00:00\",\"dateModified\":\"2024-02-20T19:06:24+00:00\",\"breadcrumb\":{\"@id\":\"https:\/\/www.fallriverdiocese.org\/pt-pt\/sem-categoria\/mensagem-de-quaresma-de-2023-do-bispo-d-joao-da-cunha\/#breadcrumb\"},\"inLanguage\":\"pt-PT\",\"potentialAction\":[{\"@type\":\"ReadAction\",\"target\":[\"https:\/\/www.fallriverdiocese.org\/pt-pt\/sem-categoria\/mensagem-de-quaresma-de-2023-do-bispo-d-joao-da-cunha\/\"]}]},{\"@type\":\"ImageObject\",\"inLanguage\":\"pt-PT\",\"@id\":\"https:\/\/www.fallriverdiocese.org\/pt-pt\/sem-categoria\/mensagem-de-quaresma-de-2023-do-bispo-d-joao-da-cunha\/#primaryimage\",\"url\":\"https:\/\/www.fallriverdiocese.org\/app\/uploads\/2023\/02\/Coat_of_arms_of_Edgar_Moreira_da_Cunha.svg_-281x300-1.png\",\"contentUrl\":\"https:\/\/www.fallriverdiocese.org\/app\/uploads\/2023\/02\/Coat_of_arms_of_Edgar_Moreira_da_Cunha.svg_-281x300-1.png\",\"width\":281,\"height\":300},{\"@type\":\"BreadcrumbList\",\"@id\":\"https:\/\/www.fallriverdiocese.org\/pt-pt\/sem-categoria\/mensagem-de-quaresma-de-2023-do-bispo-d-joao-da-cunha\/#breadcrumb\",\"itemListElement\":[{\"@type\":\"ListItem\",\"position\":1,\"name\":\"Home\",\"item\":\"https:\/\/www.fallriverdiocese.org\/\"},{\"@type\":\"ListItem\",\"position\":2,\"name\":\"Mensagem de Quaresma de 2023 do Bispo D. Jo\u00e3o da Cunha\"}]},{\"@type\":\"WebSite\",\"@id\":\"https:\/\/www.fallriverdiocese.org\/#website\",\"url\":\"https:\/\/www.fallriverdiocese.org\/\",\"name\":\"Roman Catholic Diocese of Fall River\",\"description\":\"\",\"publisher\":{\"@id\":\"https:\/\/www.fallriverdiocese.org\/#organization\"},\"potentialAction\":[{\"@type\":\"SearchAction\",\"target\":{\"@type\":\"EntryPoint\",\"urlTemplate\":\"https:\/\/www.fallriverdiocese.org\/?s={search_term_string}\"},\"query-input\":{\"@type\":\"PropertyValueSpecification\",\"valueRequired\":true,\"valueName\":\"search_term_string\"}}],\"inLanguage\":\"pt-PT\"},{\"@type\":\"Organization\",\"@id\":\"https:\/\/www.fallriverdiocese.org\/#organization\",\"name\":\"Roman Catholic Diocese of Fall River\",\"url\":\"https:\/\/www.fallriverdiocese.org\/\",\"logo\":{\"@type\":\"ImageObject\",\"inLanguage\":\"pt-PT\",\"@id\":\"https:\/\/www.fallriverdiocese.org\/#\/schema\/logo\/image\/\",\"url\":\"https:\/\/www.fallriverdiocese.org\/app\/uploads\/2023\/12\/dfr-logo-new.svg\",\"contentUrl\":\"https:\/\/www.fallriverdiocese.org\/app\/uploads\/2023\/12\/dfr-logo-new.svg\",\"width\":346,\"height\":106,\"caption\":\"Roman Catholic Diocese of Fall River\"},\"image\":{\"@id\":\"https:\/\/www.fallriverdiocese.org\/#\/schema\/logo\/image\/\"}},{\"@type\":\"Person\",\"@id\":\"https:\/\/www.fallriverdiocese.org\/#\/schema\/person\/f57da45fdd9aa3face6cd14073e4af9f\",\"name\":\"Diocese of Fall River\",\"image\":{\"@type\":\"ImageObject\",\"inLanguage\":\"pt-PT\",\"@id\":\"https:\/\/www.fallriverdiocese.org\/#\/schema\/person\/image\/17d67cf35c979bb3d7108c734d65ec27\",\"url\":\"https:\/\/secure.gravatar.com\/avatar\/e913179aa27a46b358b5a0ca0fe9c9b9ec36959fb23f535b754c61ca34a21074?s=96&d=mm&r=g\",\"contentUrl\":\"https:\/\/secure.gravatar.com\/avatar\/e913179aa27a46b358b5a0ca0fe9c9b9ec36959fb23f535b754c61ca34a21074?s=96&d=mm&r=g\",\"caption\":\"Diocese of Fall River\"},\"sameAs\":[\"https:\/\/www.fallriverdiocese.org\"],\"url\":\"https:\/\/www.fallriverdiocese.org\/pt-pt\/author\/icon\/\"}]}<\/script>\n<!-- \/ Yoast SEO plugin. -->","yoast_head_json":{"title":"Mensagem de Quaresma de 2023 do Bispo D. Jo\u00e3o da Cunha - Roman Catholic Diocese of Fall River","robots":{"index":"index","follow":"follow","max-snippet":"max-snippet:-1","max-image-preview":"max-image-preview:large","max-video-preview":"max-video-preview:-1"},"canonical":"https:\/\/www.fallriverdiocese.org\/pt-pt\/sem-categoria\/mensagem-de-quaresma-de-2023-do-bispo-d-joao-da-cunha\/","og_locale":"pt_PT","og_type":"article","og_title":"Mensagem de Quaresma de 2023 do Bispo D. Jo\u00e3o da Cunha - Roman Catholic Diocese of Fall River","og_description":"Caros irm\u00e3os e irm\u00e3s em Cristo, Passou um ano desde o in\u00edcio da guerra na Ucr\u00e2nia. Assistimos \u00e0 tremenda perda de vidas e de bens e ao sofrimento inimagin\u00e1vel infligido &hellip;","og_url":"https:\/\/www.fallriverdiocese.org\/pt-pt\/sem-categoria\/mensagem-de-quaresma-de-2023-do-bispo-d-joao-da-cunha\/","og_site_name":"Roman Catholic Diocese of Fall River","article_published_time":"2023-02-22T09:23:49+00:00","article_modified_time":"2024-02-20T19:06:24+00:00","og_image":[{"width":281,"height":300,"url":"https:\/\/www.fallriverdiocese.org\/app\/uploads\/2023\/02\/Coat_of_arms_of_Edgar_Moreira_da_Cunha.svg_-281x300-1.png","type":"image\/png"}],"author":"O Reverend\u00edssimo Edgar M. da Cunha, S.D.V., D.D.","twitter_card":"summary_large_image","twitter_misc":{"Escrito por":"icon","Tempo estimado de leitura":"3 minutos"},"schema":{"@context":"https:\/\/schema.org","@graph":[{"@type":"Article","@id":"https:\/\/www.fallriverdiocese.org\/pt-pt\/sem-categoria\/mensagem-de-quaresma-de-2023-do-bispo-d-joao-da-cunha\/#article","isPartOf":{"@id":"https:\/\/www.fallriverdiocese.org\/pt-pt\/sem-categoria\/mensagem-de-quaresma-de-2023-do-bispo-d-joao-da-cunha\/"},"author":{"name":"Diocese of Fall River","@id":"https:\/\/www.fallriverdiocese.org\/#\/schema\/person\/f57da45fdd9aa3face6cd14073e4af9f"},"headline":"Mensagem de Quaresma de 2023 do Bispo D. Jo\u00e3o da Cunha","datePublished":"2023-02-22T09:23:49+00:00","dateModified":"2024-02-20T19:06:24+00:00","mainEntityOfPage":{"@id":"https:\/\/www.fallriverdiocese.org\/pt-pt\/sem-categoria\/mensagem-de-quaresma-de-2023-do-bispo-d-joao-da-cunha\/"},"wordCount":514,"publisher":{"@id":"https:\/\/www.fallriverdiocese.org\/#organization"},"image":{"@id":"https:\/\/www.fallriverdiocese.org\/pt-pt\/sem-categoria\/mensagem-de-quaresma-de-2023-do-bispo-d-joao-da-cunha\/#primaryimage"},"thumbnailUrl":"https:\/\/www.fallriverdiocese.org\/app\/uploads\/2023\/02\/Coat_of_arms_of_Edgar_Moreira_da_Cunha.svg_-281x300-1.png","inLanguage":"pt-PT"},{"@type":"WebPage","@id":"https:\/\/www.fallriverdiocese.org\/pt-pt\/sem-categoria\/mensagem-de-quaresma-de-2023-do-bispo-d-joao-da-cunha\/","url":"https:\/\/www.fallriverdiocese.org\/pt-pt\/sem-categoria\/mensagem-de-quaresma-de-2023-do-bispo-d-joao-da-cunha\/","name":"Mensagem de Quaresma de 2023 do Bispo D. Jo\u00e3o da Cunha - Roman Catholic Diocese of Fall River","isPartOf":{"@id":"https:\/\/www.fallriverdiocese.org\/#website"},"primaryImageOfPage":{"@id":"https:\/\/www.fallriverdiocese.org\/pt-pt\/sem-categoria\/mensagem-de-quaresma-de-2023-do-bispo-d-joao-da-cunha\/#primaryimage"},"image":{"@id":"https:\/\/www.fallriverdiocese.org\/pt-pt\/sem-categoria\/mensagem-de-quaresma-de-2023-do-bispo-d-joao-da-cunha\/#primaryimage"},"thumbnailUrl":"https:\/\/www.fallriverdiocese.org\/app\/uploads\/2023\/02\/Coat_of_arms_of_Edgar_Moreira_da_Cunha.svg_-281x300-1.png","datePublished":"2023-02-22T09:23:49+00:00","dateModified":"2024-02-20T19:06:24+00:00","breadcrumb":{"@id":"https:\/\/www.fallriverdiocese.org\/pt-pt\/sem-categoria\/mensagem-de-quaresma-de-2023-do-bispo-d-joao-da-cunha\/#breadcrumb"},"inLanguage":"pt-PT","potentialAction":[{"@type":"ReadAction","target":["https:\/\/www.fallriverdiocese.org\/pt-pt\/sem-categoria\/mensagem-de-quaresma-de-2023-do-bispo-d-joao-da-cunha\/"]}]},{"@type":"ImageObject","inLanguage":"pt-PT","@id":"https:\/\/www.fallriverdiocese.org\/pt-pt\/sem-categoria\/mensagem-de-quaresma-de-2023-do-bispo-d-joao-da-cunha\/#primaryimage","url":"https:\/\/www.fallriverdiocese.org\/app\/uploads\/2023\/02\/Coat_of_arms_of_Edgar_Moreira_da_Cunha.svg_-281x300-1.png","contentUrl":"https:\/\/www.fallriverdiocese.org\/app\/uploads\/2023\/02\/Coat_of_arms_of_Edgar_Moreira_da_Cunha.svg_-281x300-1.png","width":281,"height":300},{"@type":"BreadcrumbList","@id":"https:\/\/www.fallriverdiocese.org\/pt-pt\/sem-categoria\/mensagem-de-quaresma-de-2023-do-bispo-d-joao-da-cunha\/#breadcrumb","itemListElement":[{"@type":"ListItem","position":1,"name":"Home","item":"https:\/\/www.fallriverdiocese.org\/"},{"@type":"ListItem","position":2,"name":"Mensagem de Quaresma de 2023 do Bispo D. Jo\u00e3o da Cunha"}]},{"@type":"WebSite","@id":"https:\/\/www.fallriverdiocese.org\/#website","url":"https:\/\/www.fallriverdiocese.org\/","name":"Roman Catholic Diocese of Fall River","description":"","publisher":{"@id":"https:\/\/www.fallriverdiocese.org\/#organization"},"potentialAction":[{"@type":"SearchAction","target":{"@type":"EntryPoint","urlTemplate":"https:\/\/www.fallriverdiocese.org\/?s={search_term_string}"},"query-input":{"@type":"PropertyValueSpecification","valueRequired":true,"valueName":"search_term_string"}}],"inLanguage":"pt-PT"},{"@type":"Organization","@id":"https:\/\/www.fallriverdiocese.org\/#organization","name":"Roman Catholic Diocese of Fall River","url":"https:\/\/www.fallriverdiocese.org\/","logo":{"@type":"ImageObject","inLanguage":"pt-PT","@id":"https:\/\/www.fallriverdiocese.org\/#\/schema\/logo\/image\/","url":"https:\/\/www.fallriverdiocese.org\/app\/uploads\/2023\/12\/dfr-logo-new.svg","contentUrl":"https:\/\/www.fallriverdiocese.org\/app\/uploads\/2023\/12\/dfr-logo-new.svg","width":346,"height":106,"caption":"Roman Catholic Diocese of Fall River"},"image":{"@id":"https:\/\/www.fallriverdiocese.org\/#\/schema\/logo\/image\/"}},{"@type":"Person","@id":"https:\/\/www.fallriverdiocese.org\/#\/schema\/person\/f57da45fdd9aa3face6cd14073e4af9f","name":"Diocese of Fall River","image":{"@type":"ImageObject","inLanguage":"pt-PT","@id":"https:\/\/www.fallriverdiocese.org\/#\/schema\/person\/image\/17d67cf35c979bb3d7108c734d65ec27","url":"https:\/\/secure.gravatar.com\/avatar\/e913179aa27a46b358b5a0ca0fe9c9b9ec36959fb23f535b754c61ca34a21074?s=96&d=mm&r=g","contentUrl":"https:\/\/secure.gravatar.com\/avatar\/e913179aa27a46b358b5a0ca0fe9c9b9ec36959fb23f535b754c61ca34a21074?s=96&d=mm&r=g","caption":"Diocese of Fall River"},"sameAs":["https:\/\/www.fallriverdiocese.org"],"url":"https:\/\/www.fallriverdiocese.org\/pt-pt\/author\/icon\/"}]}},"authors":[{"term_id":202,"user_id":0,"is_guest":1,"slug":"o-reverendissimo-edgar-m-da-cunha-s-d-v-d-d","display_name":"O Reverend\u00edssimo Edgar M. da Cunha, S.D.V., D.D.","avatar_url":"https:\/\/secure.gravatar.com\/avatar\/?s=96&d=mm&r=g","first_name":"","last_name":"","user_url":"","title":"","description":""}],"post_mailing_queue_ids":[],"_links":{"self":[{"href":"https:\/\/www.fallriverdiocese.org\/pt-pt\/wp-json\/wp\/v2\/posts\/34136","targetHints":{"allow":["GET"]}}],"collection":[{"href":"https:\/\/www.fallriverdiocese.org\/pt-pt\/wp-json\/wp\/v2\/posts"}],"about":[{"href":"https:\/\/www.fallriverdiocese.org\/pt-pt\/wp-json\/wp\/v2\/types\/post"}],"author":[{"embeddable":true,"href":"https:\/\/www.fallriverdiocese.org\/pt-pt\/wp-json\/wp\/v2\/users\/1"}],"replies":[{"embeddable":true,"href":"https:\/\/www.fallriverdiocese.org\/pt-pt\/wp-json\/wp\/v2\/comments?post=34136"}],"version-history":[{"count":3,"href":"https:\/\/www.fallriverdiocese.org\/pt-pt\/wp-json\/wp\/v2\/posts\/34136\/revisions"}],"predecessor-version":[{"id":34139,"href":"https:\/\/www.fallriverdiocese.org\/pt-pt\/wp-json\/wp\/v2\/posts\/34136\/revisions\/34139"}],"wp:featuredmedia":[{"embeddable":true,"href":"https:\/\/www.fallriverdiocese.org\/pt-pt\/wp-json\/wp\/v2\/media\/31070"}],"wp:attachment":[{"href":"https:\/\/www.fallriverdiocese.org\/pt-pt\/wp-json\/wp\/v2\/media?parent=34136"}],"wp:term":[{"taxonomy":"category","embeddable":true,"href":"https:\/\/www.fallriverdiocese.org\/pt-pt\/wp-json\/wp\/v2\/categories?post=34136"},{"taxonomy":"post_tag","embeddable":true,"href":"https:\/\/www.fallriverdiocese.org\/pt-pt\/wp-json\/wp\/v2\/tags?post=34136"},{"taxonomy":"author","embeddable":true,"href":"https:\/\/www.fallriverdiocese.org\/pt-pt\/wp-json\/wp\/v2\/ppma_author?post=34136"}],"curies":[{"name":"wp","href":"https:\/\/api.w.org\/{rel}","templated":true}]}}